{"id":7749,"date":"2015-10-14T15:31:22","date_gmt":"2015-10-14T20:31:22","guid":{"rendered":"https:\/\/emisora.univalle.edu.co\/\/?p=7749"},"modified":"2015-10-14T15:31:22","modified_gmt":"2015-10-14T20:31:22","slug":"con-mi-donacion-yo-llevo-el-huv-en-el-corazon-llevalo-tu-tambien-gran-donaton-cierra-el-proximo-17-de-octubre","status":"publish","type":"post","link":"https:\/\/emisora.univalle.edu.co\/index.php\/con-mi-donacion-yo-llevo-el-huv-en-el-corazon-llevalo-tu-tambien-gran-donaton-cierra-el-proximo-17-de-octubre\/","title":{"rendered":"\u201cCon mi donaci\u00f3n yo llevo el HUV en el coraz\u00f3n, ll\u00e9valo t\u00fa tambi\u00e9n\u201d Gran Donat\u00f3n cierra el pr\u00f3ximo 17 de octubre"},"content":{"rendered":"<p><span style=\"line-height: 1.5em;\">La Gobernaci\u00f3n del Valle del Cauca y Telepac\u00edfico contin\u00faan adelantando gestiones para que se realice con \u00e9xito la estrategia denominada \u201cCon mi donaci\u00f3n yo llevo el HUV en el coraz\u00f3n, ll\u00e9valo t\u00fa tambi\u00e9n\u201d con la cual se busca contribuir al salvamento del Hospital Universitario Evaristo Garc\u00eda.<\/span><\/p>\n<p>El Secretario General del Departamento Jos\u00e9 Luis Arcila C\u00f3rdoba, dijo que se reuni\u00f3 con estudiantes de la Universidad del Valle de diversas facultades, trabajadores y representantes de otro gremios para apoyar la Gran Donant\u00f3n del d\u00eda 17 de octubre durante todo el d\u00eda, para\u00a0\u00a0 todos aquellos que en el Valle quieran salvar vidas, apoyar la salud y aportar a la salvaci\u00f3n del Hospital Departamental.<\/p>\n<p>\u201cVamos a hacer una gran jornada el 17 de octubre, el Hospital requiere el apoyo de todos los vallecaucanos y unidos poniendo todos de nuestra parte vamos a salvar al Evaristo Garc\u00eda\u201d, asever\u00f3 Arcila.<\/p>\n<p>El Director Comercial de Telepac\u00edfico Javier Herrera, manifest\u00f3 que la iniciativa cuenta con la articulaci\u00f3n de la academia como la Universidad del Valle y la Fundaci\u00f3n Proactiva y que Telepac\u00edfico como canal Regional ser\u00e1 el canal oficial determinado para hacer la transmisi\u00f3n y la debida promoci\u00f3n de este evento. \u201cQuiero invitar a los gremios, a la ciudadan\u00eda y todos los que puedan aportar para ayudar a los pacientes del Hospital Universitario a superar estos inconvenientes\u201d, Dijo Herrera.<\/p>\n<p>Diana Mar\u00eda Salgado, Directora de la Fundaci\u00f3n Coactiva Los Buenos Somos M\u00e1s, opinaque se debe demostrar con hechos y trabajar en sinergia para lograr mayor impacto y llegar con aportes significativos para el beneficio dela salud del pueblo.<\/p>\n<p>La Donat\u00f3n \u201cCon mi donaci\u00f3n yo llevo el HUV en el coraz\u00f3n, ll\u00e9valo t\u00fa tambi\u00e9n\u201d concluir\u00e1 el pr\u00f3ximo 17 de octubre de 8:00 a 10:00 Pm, en instalaciones del canal regional Telepac\u00edfico.<\/p>\n<p>Fuente: Comunicaciones Gobernaci\u00f3n<\/p>\n","protected":false},"excerpt":{"rendered":"<p>La Gobernaci\u00f3n del Valle del Cauca y Telepac\u00edfico contin\u00faan adelantando gestiones para que se realice con \u00e9xito la estrategia denominada \u201cCon mi donaci\u00f3n yo llevo el HUV en el coraz\u00f3n, ll\u00e9valo t\u00fa tambi\u00e9n\u201d con la cual se busca contribuir al salvamento del Hospital Universitario Evaristo Garc\u00eda. El Secretario General del[&#8230;]<\/p>\n","protected":false},"author":1,"featured_media":5871,"comment_status":"open","ping_status":"open","sticky":false,"template":"","format":"standard","meta":{"footnotes":""},"categories":[4],"tags":[],"_links":{"self":[{"href":"https:\/\/emisora.univalle.edu.co\/index.php\/wp-json\/wp\/v2\/posts\/7749"}],"collection":[{"href":"https:\/\/emisora.univalle.edu.co\/index.php\/wp-json\/wp\/v2\/posts"}],"about":[{"href":"https:\/\/emisora.univalle.edu.co\/index.php\/wp-json\/wp\/v2\/types\/post"}],"author":[{"embeddable":true,"href":"https:\/\/emisora.univalle.edu.co\/index.php\/wp-json\/wp\/v2\/users\/1"}],"replies":[{"embeddable":true,"href":"https:\/\/emisora.univalle.edu.co\/index.php\/wp-json\/wp\/v2\/comments?post=7749"}],"version-history":[{"count":1,"href":"https:\/\/emisora.univalle.edu.co\/index.php\/wp-json\/wp\/v2\/posts\/7749\/revisions"}],"predecessor-version":[{"id":7750,"href":"https:\/\/emisora.univalle.edu.co\/index.php\/wp-json\/wp\/v2\/posts\/7749\/revisions\/7750"}],"wp:featuredmedia":[{"embeddable":true,"href":"https:\/\/emisora.univalle.edu.co\/index.php\/wp-json\/wp\/v2\/media\/5871"}],"wp:attachment":[{"href":"https:\/\/emisora.univalle.edu.co\/index.php\/wp-json\/wp\/v2\/media?parent=7749"}],"wp:term":[{"taxonomy":"category","embeddable":true,"href":"https:\/\/emisora.univalle.edu.co\/index.php\/wp-json\/wp\/v2\/categories?post=7749"},{"taxonomy":"post_tag","embeddable":true,"href":"https:\/\/emisora.univalle.edu.co\/index.php\/wp-json\/wp\/v2\/tags?post=7749"}],"curies":[{"name":"wp","href":"https:\/\/api.w.org\/{rel}","templated":true}]}}