{"id":7763,"date":"2015-10-15T14:45:34","date_gmt":"2015-10-15T19:45:34","guid":{"rendered":"https:\/\/emisora.univalle.edu.co\/\/?p=7763"},"modified":"2015-10-15T14:45:34","modified_gmt":"2015-10-15T19:45:34","slug":"1er-simposio-colombiano-de-vigilancia-en-salud-publica","status":"publish","type":"post","link":"https:\/\/emisora.univalle.edu.co\/index.php\/1er-simposio-colombiano-de-vigilancia-en-salud-publica\/","title":{"rendered":"1er Simposio Colombiano de Vigilancia en Salud P\u00fablica"},"content":{"rendered":"<p><span style=\"line-height: 1.5em;\">Con el prop\u00f3sito de articular la salud p\u00fablica con la academia, la Secretar\u00eda Departamental de Salud realizar\u00e1 el pr\u00f3ximo 5 de noviembre de 2015 de 8 de la ma\u00f1ana a 5 de la tarde en el Hotel Dann Carlton, el 1er Simposio Colombiano de Vigilancia en Salud P\u00fablica, que tendr\u00e1 como lema, \u201cVigilar y actuar, responsabilidad de todos\u201d.<\/span><\/p>\n<p>Este evento tiene como objetivos reflexionar, debatir, generar aportes y elaborar recomendaciones para orientar la planificaci\u00f3n en salud p\u00fablica propendiendo por la protecci\u00f3n individual y colectiva, adem\u00e1s de favorecer la comunicaci\u00f3n, promoviendo el incremento de interrelaciones entre diferentes grupos y equipos que hacen parte de manera directa o indirecta del sistema nacional de vigilancia en salud p\u00fablica.<\/p>\n<p>La Subsecretaria de Salud P\u00fablica del Valle Mar\u00eda Cristina Lesmes dijo que el sistema de Vigilancia en Salud P\u00fablica debe orientarse hacia la\u00a0 integraci\u00f3n funcional de sus diferentes niveles, permitiendo la operaci\u00f3n en red de todos los que confluyen en el sector salud con y del Sistema General de Seguridad Social.<\/p>\n<p>\u201cEsta actividad es totalmente gratis y estar\u00e1 dirigida a funcionarios de Secretar\u00edas de Salud del departamento, empresas administradoras de planes de beneficios, instituciones prestadoras de servicios de salud, profesionales en salud, sector acad\u00e9mico como docentes, estudiantes de salud en pre y posgrado, y centros de investigaciones\u201d, asever\u00f3 la funcionaria.<\/p>\n<p>Agradecemos\u00a0 su difusi\u00f3n y confirmaci\u00f3n de asistencia a trav\u00e9s del correo simposio.vsp@gmail.com\u00a0 o comun\u00edquese al tel\u00e9fono: 6200000 Ext. 1659.<\/p>\n<p>Fuente: Comunicaciones Gobernaci\u00f3n<\/p>\n","protected":false},"excerpt":{"rendered":"<p>Con el prop\u00f3sito de articular la salud p\u00fablica con la academia, la Secretar\u00eda Departamental de Salud realizar\u00e1 el pr\u00f3ximo 5 de noviembre de 2015 de 8 de la ma\u00f1ana a 5 de la tarde en el Hotel Dann Carlton, el 1er Simposio Colombiano de Vigilancia en Salud P\u00fablica, que tendr\u00e1[&#8230;]<\/p>\n","protected":false},"author":1,"featured_media":7761,"comment_status":"open","ping_status":"open","sticky":false,"template":"","format":"standard","meta":{"footnotes":""},"categories":[4],"tags":[],"_links":{"self":[{"href":"https:\/\/emisora.univalle.edu.co\/index.php\/wp-json\/wp\/v2\/posts\/7763"}],"collection":[{"href":"https:\/\/emisora.univalle.edu.co\/index.php\/wp-json\/wp\/v2\/posts"}],"about":[{"href":"https:\/\/emisora.univalle.edu.co\/index.php\/wp-json\/wp\/v2\/types\/post"}],"author":[{"embeddable":true,"href":"https:\/\/emisora.univalle.edu.co\/index.php\/wp-json\/wp\/v2\/users\/1"}],"replies":[{"embeddable":true,"href":"https:\/\/emisora.univalle.edu.co\/index.php\/wp-json\/wp\/v2\/comments?post=7763"}],"version-history":[{"count":1,"href":"https:\/\/emisora.univalle.edu.co\/index.php\/wp-json\/wp\/v2\/posts\/7763\/revisions"}],"predecessor-version":[{"id":7764,"href":"https:\/\/emisora.univalle.edu.co\/index.php\/wp-json\/wp\/v2\/posts\/7763\/revisions\/7764"}],"wp:featuredmedia":[{"embeddable":true,"href":"https:\/\/emisora.univalle.edu.co\/index.php\/wp-json\/wp\/v2\/media\/7761"}],"wp:attachment":[{"href":"https:\/\/emisora.univalle.edu.co\/index.php\/wp-json\/wp\/v2\/media?parent=7763"}],"wp:term":[{"taxonomy":"category","embeddable":true,"href":"https:\/\/emisora.univalle.edu.co\/index.php\/wp-json\/wp\/v2\/categories?post=7763"},{"taxonomy":"post_tag","embeddable":true,"href":"https:\/\/emisora.univalle.edu.co\/index.php\/wp-json\/wp\/v2\/tags?post=7763"}],"curies":[{"name":"wp","href":"https:\/\/api.w.org\/{rel}","templated":true}]}}