{"id":7765,"date":"2015-10-15T14:52:50","date_gmt":"2015-10-15T19:52:50","guid":{"rendered":"https:\/\/emisora.univalle.edu.co\/\/?p=7765"},"modified":"2015-10-15T14:58:35","modified_gmt":"2015-10-15T19:58:35","slug":"cali-otra-vez-mundial-ccali-otra-vez-mundial","status":"publish","type":"post","link":"https:\/\/emisora.univalle.edu.co\/index.php\/cali-otra-vez-mundial-ccali-otra-vez-mundial\/","title":{"rendered":"Cali otra vez mundial; Copa de Ciclismo de Pista repite por d\u00e9cima cuarta vez"},"content":{"rendered":"<p><span style=\"line-height: 1.5em;\">Cale\u00f1os y el pa\u00eds entero volver\u00e1n a apreciar en el Vel\u00f3dromo Alcides Nieto Pati\u00f1o a los mejores velocistas del pedal, con la realizaci\u00f3n de la Copa Mundial de Ciclismo que se llevar\u00e1 a cabo del 30 de octubre al 1\u00ba de noviembre siguiente.<\/span><\/p>\n<p><a href=\"https:\/\/emisora.univalle.edu.co\/\/wp-content\/uploads\/2015\/10\/Mundial-de-ciclismo.jpg\" data-lightbox=\"gal[7765]\"><img loading=\"lazy\" decoding=\"async\" class=\" wp-image-7758 alignleft\" alt=\"Mundial de ciclismo\" src=\"https:\/\/emisora.univalle.edu.co\/\/wp-content\/uploads\/2015\/10\/Mundial-de-ciclismo.jpg\" width=\"402\" height=\"194\" srcset=\"https:\/\/emisora.univalle.edu.co\/wp-content\/uploads\/2015\/10\/Mundial-de-ciclismo.jpg 670w, https:\/\/emisora.univalle.edu.co\/wp-content\/uploads\/2015\/10\/Mundial-de-ciclismo-300x144.jpg 300w, https:\/\/emisora.univalle.edu.co\/wp-content\/uploads\/2015\/10\/Mundial-de-ciclismo-438x211.jpg 438w\" sizes=\"(max-width: 402px) 100vw, 402px\" \/><\/a>Durante el acto de lanzamiento, llevado a cabo en el hotel Dann Carlton este mi\u00e9rcoles 14 de octubre, Mar\u00eda Fernanda Rojas N\u00fa\u00f1ez, secretaria de Deporte y Recreaci\u00f3n, se\u00f1al\u00f3 que \u201cal haber sido Cali organizadora de la Copa Mundo en 2014 y por d\u00e9cima cuarta oportunidad de paradas mundiales, es prueba sine qua non de que la capital de los vallecaucanos es la sede de los grandes cert\u00e1menes deportivos internacionales en Colombia\u201d.<\/p>\n<p>Asimismo, la funcionaria dijo que si Cali escribe sus p\u00e1ginas en el deporte mundial, el ciclismo en pista tiene tambi\u00e9n su largos apuntes, pues ninguna ciudad del mundo ha realizado 14 copas del mundo, ni siquiera Sidney, ni Manchester, que han pujado a\u00f1o tras a\u00f1o para ser part\u00edcipes de esta fiesta deportiva.<\/p>\n<p>La secretaria del Deporte conceptu\u00f3 que \u201cesta capital tiene sus pergaminos y ahora que se cierra un ciclo es muy justo reconocer que tener 39 pa\u00edses y 8 equipos profesionales que sumados dan 47 delegaciones, representadas por 325 exponentes de la velocidad del ciclismo, significa para el mundo deportivo un ejemplo claro de planeaci\u00f3n, organizaci\u00f3n y realizaci\u00f3n de importantes gestas\u201d.<\/p>\n<p>La titular del deporte cale\u00f1o resalt\u00f3 la presencia de fastuosas luminarias del pedal en pista como Bradley Wiggins, Francois Pervis, Kevin Sireau, Kristina Vogel, Simona Krupeckaite, Sarah Hammer y Anna Mears, y junto a estos los colombianos Juan Esteban Arango, Fabi\u00e1n Puerta, Edwin \u00c1vila, Milena Salcedo y Fernando Gaviria, entre otros.<\/p>\n<p>\u201cPara el pa\u00eds es muy importante tener una de las mejores pruebas del mundo en pista en este momento, prueba de ello es que la presidencia de la Uni\u00f3n Ciclista Internacional exalt\u00f3 la labor del licenciado Hernando Zuluaga, quien se desempe\u00f1ara como director del Mundial 2014\u201d.<\/p>\n<p>Quien as\u00ed advirti\u00f3 es Agust\u00edn Moreno, presidente de la Federaci\u00f3n Nacional de Ciclismo, al hacer reconocimiento p\u00fablico al alcalde Guerrero por su apoyo al deporte durante toda su gesti\u00f3n de gobierno.<\/p>\n<p>De igual manera, el dirigente del ciclismo nacional expres\u00f3 que \u201cesta prueba va a ser de mucho nivel toda vez que ser\u00e1 una de las \u00faltimas clasificatorias a los Juegos Ol\u00edmpicos de 2016 a realizarse en Rio de Janeiro \u2013Brasil- sumado a la presencia de grandes campeones de la especialidad en el planeta, lo cual se constituye en momentos estelares e inolvidables para todos\u201d.<\/p>\n<p>Y prosigui\u00f3: \u201cEsta Copa Mundial ratifica a la Sultana del Valle como uno de los mejores escenarios del ciclismo orbital, pues su vel\u00f3dromo y pista son los mejores del pa\u00eds y del continente, lo que nos hace estar muy agradecido con esta tierra y su dirigencia\u201d.<\/p>\n<p>\u201cConsideramos desde la Federaci\u00f3n Nacional de Ciclismo que la UCI ha puesto sus ojos en Cali para la realizaci\u00f3n de paradas mundiales y copa mundo, porque esta ciudad se lo ha ganado, esto no es gratuito, su dirigencia deportiva y administrativa ha mostrado un trabajo, aspecto que ha sido respaldado por el p\u00fablico que asiste en todo momento, del cual dicen los mismos pedalistas, es la mejor afici\u00f3n en los cinco continentes por su apoyo, su alegr\u00eda y su ambiente festivo en cada una de las pruebas\u201d, manifest\u00f3.<\/p>\n<p>Fuente: Comunicaciones Alcald\u00eda<\/p>\n<p style=\"text-align: center;\"><a href=\"https:\/\/emisora.univalle.edu.co\/\/wp-content\/uploads\/2015\/10\/Mundial-de-ciclismo.jpg\" data-lightbox=\"gal[7765]\"><img loading=\"lazy\" decoding=\"async\" class=\"size-full wp-image-7758 aligncenter\" alt=\"Mundial de ciclismo\" src=\"https:\/\/emisora.univalle.edu.co\/\/wp-content\/uploads\/2015\/10\/Mundial-de-ciclismo.jpg\" width=\"670\" height=\"323\" srcset=\"https:\/\/emisora.univalle.edu.co\/wp-content\/uploads\/2015\/10\/Mundial-de-ciclismo.jpg 670w, https:\/\/emisora.univalle.edu.co\/wp-content\/uploads\/2015\/10\/Mundial-de-ciclismo-300x144.jpg 300w, https:\/\/emisora.univalle.edu.co\/wp-content\/uploads\/2015\/10\/Mundial-de-ciclismo-438x211.jpg 438w\" sizes=\"(max-width: 670px) 100vw, 670px\" \/><\/a><\/p>\n","protected":false},"excerpt":{"rendered":"<p>Cale\u00f1os y el pa\u00eds entero volver\u00e1n a apreciar en el Vel\u00f3dromo Alcides Nieto Pati\u00f1o a los mejores velocistas del pedal, con la realizaci\u00f3n de la Copa Mundial de Ciclismo que se llevar\u00e1 a cabo del 30 de octubre al 1\u00ba de noviembre siguiente. Durante el acto de lanzamiento, llevado a[&#8230;]<\/p>\n","protected":false},"author":1,"featured_media":7759,"comment_status":"open","ping_status":"open","sticky":false,"template":"","format":"standard","meta":{"footnotes":""},"categories":[4],"tags":[],"_links":{"self":[{"href":"https:\/\/emisora.univalle.edu.co\/index.php\/wp-json\/wp\/v2\/posts\/7765"}],"collection":[{"href":"https:\/\/emisora.univalle.edu.co\/index.php\/wp-json\/wp\/v2\/posts"}],"about":[{"href":"https:\/\/emisora.univalle.edu.co\/index.php\/wp-json\/wp\/v2\/types\/post"}],"author":[{"embeddable":true,"href":"https:\/\/emisora.univalle.edu.co\/index.php\/wp-json\/wp\/v2\/users\/1"}],"replies":[{"embeddable":true,"href":"https:\/\/emisora.univalle.edu.co\/index.php\/wp-json\/wp\/v2\/comments?post=7765"}],"version-history":[{"count":1,"href":"https:\/\/emisora.univalle.edu.co\/index.php\/wp-json\/wp\/v2\/posts\/7765\/revisions"}],"predecessor-version":[{"id":7766,"href":"https:\/\/emisora.univalle.edu.co\/index.php\/wp-json\/wp\/v2\/posts\/7765\/revisions\/7766"}],"wp:featuredmedia":[{"embeddable":true,"href":"https:\/\/emisora.univalle.edu.co\/index.php\/wp-json\/wp\/v2\/media\/7759"}],"wp:attachment":[{"href":"https:\/\/emisora.univalle.edu.co\/index.php\/wp-json\/wp\/v2\/media?parent=7765"}],"wp:term":[{"taxonomy":"category","embeddable":true,"href":"https:\/\/emisora.univalle.edu.co\/index.php\/wp-json\/wp\/v2\/categories?post=7765"},{"taxonomy":"post_tag","embeddable":true,"href":"https:\/\/emisora.univalle.edu.co\/index.php\/wp-json\/wp\/v2\/tags?post=7765"}],"curies":[{"name":"wp","href":"https:\/\/api.w.org\/{rel}","templated":true}]}}