{"id":7769,"date":"2015-10-15T14:55:36","date_gmt":"2015-10-15T19:55:36","guid":{"rendered":"https:\/\/emisora.univalle.edu.co\/\/?p=7769"},"modified":"2015-10-15T14:55:36","modified_gmt":"2015-10-15T19:55:36","slug":"ante-consejo-superior-de-univalle-aspirantes-rector-de-la-entidad-entregaron-sus-propuestas","status":"publish","type":"post","link":"https:\/\/emisora.univalle.edu.co\/index.php\/ante-consejo-superior-de-univalle-aspirantes-rector-de-la-entidad-entregaron-sus-propuestas\/","title":{"rendered":"Ante Consejo Superior de Univalle aspirantes a rector de la entidad entregaron sus propuestas"},"content":{"rendered":"<p><span style=\"line-height: 1.5em;\">En Cali se reuni\u00f3 el Consejo Superior de la Universidad del Valle\u00a0 para conocer las propuestas de los aspirantes a rector de la instituci\u00f3n quien\u00a0 ser\u00e1 designado para\u00a0 el per\u00edodo 2015-2019. A la reuni\u00f3n asistieron los miembros principales, entre ellos, las\u00a0 directivas de Univalle, un representante del gobierno nacional, y el gerente de Telepac\u00edfico, Mauricio Prieto como delegado del gobernador del Valle del Cauca.<\/span><\/p>\n<p>\u201cHemos escuchado las propuestas de los candidatos a rector, encaminadas a la regionalizaci\u00f3n de la Universidad, la descentralizaci\u00f3n administrativa y la internacionalizaci\u00f3n de la misma. La designaci\u00f3n del nuevo rector se realizar\u00e1 el pr\u00f3ximo 23 de octubre\u201d, puntualiz\u00f3 el delegado del Gobernador, Mauricio.<\/p>\n<p>Cuatro docentes de la Universidad del Valle se inscribieron como candidatos a la Designaci\u00f3n de Rector 2015 -2019 de la Instituci\u00f3n.<\/p>\n<p>H\u00e9ctor Cadavid Ram\u00edrez: Ingeniero electromec\u00e1nico, maestr\u00eda en ingenier\u00eda y doctor (Ph.D.) en ingenier\u00eda; estudios de pregrado y posgrado en el Instituto Superior Energ\u00e9tico de Mosc\u00fa-Rusia. Experiencia laboral como Ingeniero en el sector industrial. Vinculado desde el a\u00f1o 1987 como profesor de tiempo completo de la Escuela de Ingenier\u00eda El\u00e9ctrica y Electr\u00f3nica de la Universidad del Valle. M\u00e1s de veintiocho (28) a\u00f1os de experiencia en la Universidad del Valle en todos los \u00e1mbitos de la vida acad\u00e9mica: docencia, investigaci\u00f3n, extensi\u00f3n y diferentes cargos acad\u00e9micos administrativos.<\/p>\n<p>C\u00e9sar Arturo Castillo: Licenciado en historia con maestr\u00eda en historia andina de la Universidad del Valle, doctor (Ph.D.) en desarrollo local e innovaci\u00f3n territorial (Tesis Cum Laude) de la Universidad de Alicante de Espa\u00f1a. Se ha desempe\u00f1ado como docente en la Universidad del Cauca, Universidad Aut\u00f3noma de Occidente y Universidad del Valle, en las sedes de Caicedonia, Cartago y Cali.<\/p>\n<p>Jes\u00fas Mar\u00eda S\u00e1nchez Ordo\u00f1ez: Trabajador Social y mag\u00edster en salud p\u00fablica de la Universidad del Valle, con una especializaci\u00f3n en salud ocupacional de la Universidad Libre. M\u00e1s de 16 a\u00f1os de experiencia como docente en la Universidad del Valle, en docencia, investigaci\u00f3n y diferentes cargos acad\u00e9micos administrativos como Vicerrector de Bienestar y Director de regionalizaci\u00f3n, entre otros.<\/p>\n<p>Edgar Varela Barrios: Ph.D en administraci\u00f3n de la Escuela de Altos Estudios Comerciales HEC de Montreal-Canad\u00e1, magister en historia andina y licenciado en filosof\u00eda de la Universidad del Valle. Desde hace 23 a\u00f1os se desempe\u00f1a como profesor titular de la Facultad de Ciencias de la Administraci\u00f3n de la Universidad del Valle, en pregrado. Adem\u00e1s de su labor docente e investigativa, desde 1998\u00a0 se ha desempe\u00f1ado en cargos administrativos en la Alma M\u00e1ter.<\/p>\n<p>Fuente: Comunicaciones Gobernaci\u00f3n<\/p>\n","protected":false},"excerpt":{"rendered":"<p>En Cali se reuni\u00f3 el Consejo Superior de la Universidad del Valle\u00a0 para conocer las propuestas de los aspirantes a rector de la instituci\u00f3n quien\u00a0 ser\u00e1 designado para\u00a0 el per\u00edodo 2015-2019. A la reuni\u00f3n asistieron los miembros principales, entre ellos, las\u00a0 directivas de Univalle, un representante del gobierno nacional, y[&#8230;]<\/p>\n","protected":false},"author":1,"featured_media":7756,"comment_status":"open","ping_status":"open","sticky":false,"template":"","format":"standard","meta":{"footnotes":""},"categories":[4],"tags":[],"_links":{"self":[{"href":"https:\/\/emisora.univalle.edu.co\/index.php\/wp-json\/wp\/v2\/posts\/7769"}],"collection":[{"href":"https:\/\/emisora.univalle.edu.co\/index.php\/wp-json\/wp\/v2\/posts"}],"about":[{"href":"https:\/\/emisora.univalle.edu.co\/index.php\/wp-json\/wp\/v2\/types\/post"}],"author":[{"embeddable":true,"href":"https:\/\/emisora.univalle.edu.co\/index.php\/wp-json\/wp\/v2\/users\/1"}],"replies":[{"embeddable":true,"href":"https:\/\/emisora.univalle.edu.co\/index.php\/wp-json\/wp\/v2\/comments?post=7769"}],"version-history":[{"count":1,"href":"https:\/\/emisora.univalle.edu.co\/index.php\/wp-json\/wp\/v2\/posts\/7769\/revisions"}],"predecessor-version":[{"id":7770,"href":"https:\/\/emisora.univalle.edu.co\/index.php\/wp-json\/wp\/v2\/posts\/7769\/revisions\/7770"}],"wp:featuredmedia":[{"embeddable":true,"href":"https:\/\/emisora.univalle.edu.co\/index.php\/wp-json\/wp\/v2\/media\/7756"}],"wp:attachment":[{"href":"https:\/\/emisora.univalle.edu.co\/index.php\/wp-json\/wp\/v2\/media?parent=7769"}],"wp:term":[{"taxonomy":"category","embeddable":true,"href":"https:\/\/emisora.univalle.edu.co\/index.php\/wp-json\/wp\/v2\/categories?post=7769"},{"taxonomy":"post_tag","embeddable":true,"href":"https:\/\/emisora.univalle.edu.co\/index.php\/wp-json\/wp\/v2\/tags?post=7769"}],"curies":[{"name":"wp","href":"https:\/\/api.w.org\/{rel}","templated":true}]}}