{"id":7791,"date":"2015-10-19T16:03:14","date_gmt":"2015-10-19T21:03:14","guid":{"rendered":"https:\/\/emisora.univalle.edu.co\/\/?p=7791"},"modified":"2015-10-19T16:03:49","modified_gmt":"2015-10-19T21:03:49","slug":"gobernador-ubeimar-delgado-nombro-jairo-corchuelo-ojeda-como-gerente-general-del-huv","status":"publish","type":"post","link":"https:\/\/emisora.univalle.edu.co\/index.php\/gobernador-ubeimar-delgado-nombro-jairo-corchuelo-ojeda-como-gerente-general-del-huv\/","title":{"rendered":"Gobernador Ubeimar Delgado nombr\u00f3 a Jairo Corchuelo Ojeda como Gerente General del HUV"},"content":{"rendered":"<p><span style=\"line-height: 1.5em;\">El gobernador del Departamento Ubeimar Delgado Bland\u00f3n posesion\u00f3 como Gerente General en propiedad del Hospital Universitario del Valle a Jairo Corchuelo Ojeda.<\/span><\/p>\n<p>Para el Mandatario Departamental Ubeimar Delgado el nuevo gerente, tiene ampl\u00eda experiencia en el sector p\u00fablico y tiene todas las facultades para llevar las riendas del Evaristo Garc\u00eda tal como lo demostr\u00f3 en tan poco tiempo que estuvo como gerente interino.<\/p>\n<p>\u201cLo estamos apoyando integralmente desde el gobierno departamental, nosotros ya nos pusimos al d\u00eda con las deudas que ten\u00edamos con el HUV y esperamos que las Eps tambi\u00e9n se pongan al d\u00eda con sus obligaciones\u201d, asever\u00f3 Delgado\u00a0 Bland\u00f3n.<\/p>\n<p>El nuevo gerente del Evaristo Garc\u00eda es odont\u00f3logo de la Universidad del Valle con mag\u00edster en Administraci\u00f3n Salud de la misma alma mater y con doctorado en Ciencias de la Salud P\u00fablica de la universidad de Guadalajara en M\u00e9xico.<\/p>\n<p>\u201cEs un reto muy bueno porque trata de salvar al Hospital m\u00e1s importante del suroccidente colombiano y vamos a seguir con el plan de salvamento porque tambi\u00e9n a unido\u00a0 los diferentes estamentos como la academia, el sector p\u00fablico, los trabajadores y la comunidad en general\u201d, manifest\u00f3 Jairo Corchuelo Ojeda.<\/p>\n<p>&nbsp;<\/p>\n<p>Corchuelo Ojeda ha sido gerente del Hospital de Yumbo, gerente encargado de la Red de Salud de Ladera de Cali, coordinador del Departamento de Estomatolog\u00eda del Hospital de Roldanillo y asesor de Salud P\u00fablica de Cali, entre otros cargos.<\/p>\n<p>Fuente: Comunicaciones Gobernaci\u00f3n<\/p>\n","protected":false},"excerpt":{"rendered":"<p>El gobernador del Departamento Ubeimar Delgado Bland\u00f3n posesion\u00f3 como Gerente General en propiedad del Hospital Universitario del Valle a Jairo Corchuelo Ojeda. Para el Mandatario Departamental Ubeimar Delgado el nuevo gerente, tiene ampl\u00eda experiencia en el sector p\u00fablico y tiene todas las facultades para llevar las riendas del Evaristo Garc\u00eda[&#8230;]<\/p>\n","protected":false},"author":1,"featured_media":7780,"comment_status":"open","ping_status":"open","sticky":false,"template":"","format":"standard","meta":{"footnotes":""},"categories":[4],"tags":[],"_links":{"self":[{"href":"https:\/\/emisora.univalle.edu.co\/index.php\/wp-json\/wp\/v2\/posts\/7791"}],"collection":[{"href":"https:\/\/emisora.univalle.edu.co\/index.php\/wp-json\/wp\/v2\/posts"}],"about":[{"href":"https:\/\/emisora.univalle.edu.co\/index.php\/wp-json\/wp\/v2\/types\/post"}],"author":[{"embeddable":true,"href":"https:\/\/emisora.univalle.edu.co\/index.php\/wp-json\/wp\/v2\/users\/1"}],"replies":[{"embeddable":true,"href":"https:\/\/emisora.univalle.edu.co\/index.php\/wp-json\/wp\/v2\/comments?post=7791"}],"version-history":[{"count":1,"href":"https:\/\/emisora.univalle.edu.co\/index.php\/wp-json\/wp\/v2\/posts\/7791\/revisions"}],"predecessor-version":[{"id":7792,"href":"https:\/\/emisora.univalle.edu.co\/index.php\/wp-json\/wp\/v2\/posts\/7791\/revisions\/7792"}],"wp:featuredmedia":[{"embeddable":true,"href":"https:\/\/emisora.univalle.edu.co\/index.php\/wp-json\/wp\/v2\/media\/7780"}],"wp:attachment":[{"href":"https:\/\/emisora.univalle.edu.co\/index.php\/wp-json\/wp\/v2\/media?parent=7791"}],"wp:term":[{"taxonomy":"category","embeddable":true,"href":"https:\/\/emisora.univalle.edu.co\/index.php\/wp-json\/wp\/v2\/categories?post=7791"},{"taxonomy":"post_tag","embeddable":true,"href":"https:\/\/emisora.univalle.edu.co\/index.php\/wp-json\/wp\/v2\/tags?post=7791"}],"curies":[{"name":"wp","href":"https:\/\/api.w.org\/{rel}","templated":true}]}}