{"id":7793,"date":"2015-10-19T16:05:32","date_gmt":"2015-10-19T21:05:32","guid":{"rendered":"https:\/\/emisora.univalle.edu.co\/\/?p=7793"},"modified":"2015-10-19T16:05:32","modified_gmt":"2015-10-19T21:05:32","slug":"plazoleta-jairo-varela-sera-epicentro-del-medioambiente-este-miercoles","status":"publish","type":"post","link":"https:\/\/emisora.univalle.edu.co\/index.php\/plazoleta-jairo-varela-sera-epicentro-del-medioambiente-este-miercoles\/","title":{"rendered":"Plazoleta Jairo Varela ser\u00e1 epicentro del medioambiente este mi\u00e9rcoles"},"content":{"rendered":"<p><span style=\"line-height: 1.5em;\">El Departamento Administrativo de Gesti\u00f3n del Medio Ambiente \u2013Dagma- tiene todo listo para la 2\u00aa. Feria Ambiental que se realizar\u00e1 este mi\u00e9rcoles 21 de octubre en la Plazoleta Jairo Varela, desde las 8:00 a.m. hasta las 5:00 p.m.<\/span><\/p>\n<p>Este evento, organizado por la Alcald\u00eda de Santiago de Cali y el Dagma, tiene como objetivo principal promover entre la poblaci\u00f3n cale\u00f1a los diferentes proyectos y procesos ambientales que se realizan desde la Administraci\u00f3n Municipal.<\/p>\n<p>El evento busca, adem\u00e1s, concientizar a la ciudadan\u00eda sobre la responsabilidad colectiva que tiene cada uno desde el hogar, la oficina, el colegio, la universidad, el comercio y la industria con el medioambiente y los recursos naturales con los que cuenta la ciudad.<\/p>\n<p>Igualmente, la Feria ha generado un espacio para compartir e impulsar aquellas ideas innovadoras que busquen contribuir a la preservaci\u00f3n del medioambiente, siendo una oportunidad para instituciones educativas, empresas, colectivos, fundaciones, gestores ambientales y comunidad en general que quieran participar, exponiendo sus proyectos sin \u00e1nimo de lucro<\/p>\n<p>La autoridad ambiental invita a toda la comunidad cale\u00f1a a participar de este evento gratuito, en el que se podr\u00e1 encontrar stands, actividades l\u00fadicas y educativas, presentaciones y muchas sorpresas de las que pueden hacer parte ni\u00f1os, j\u00f3venes y adultos.<\/p>\n<p>Fuente: Comunicaciones Alcald\u00eda<\/p>\n","protected":false},"excerpt":{"rendered":"<p>El Departamento Administrativo de Gesti\u00f3n del Medio Ambiente \u2013Dagma- tiene todo listo para la 2\u00aa. Feria Ambiental que se realizar\u00e1 este mi\u00e9rcoles 21 de octubre en la Plazoleta Jairo Varela, desde las 8:00 a.m. hasta las 5:00 p.m. Este evento, organizado por la Alcald\u00eda de Santiago de Cali y el[&#8230;]<\/p>\n","protected":false},"author":1,"featured_media":7784,"comment_status":"open","ping_status":"open","sticky":false,"template":"","format":"standard","meta":{"footnotes":""},"categories":[4],"tags":[],"_links":{"self":[{"href":"https:\/\/emisora.univalle.edu.co\/index.php\/wp-json\/wp\/v2\/posts\/7793"}],"collection":[{"href":"https:\/\/emisora.univalle.edu.co\/index.php\/wp-json\/wp\/v2\/posts"}],"about":[{"href":"https:\/\/emisora.univalle.edu.co\/index.php\/wp-json\/wp\/v2\/types\/post"}],"author":[{"embeddable":true,"href":"https:\/\/emisora.univalle.edu.co\/index.php\/wp-json\/wp\/v2\/users\/1"}],"replies":[{"embeddable":true,"href":"https:\/\/emisora.univalle.edu.co\/index.php\/wp-json\/wp\/v2\/comments?post=7793"}],"version-history":[{"count":1,"href":"https:\/\/emisora.univalle.edu.co\/index.php\/wp-json\/wp\/v2\/posts\/7793\/revisions"}],"predecessor-version":[{"id":7794,"href":"https:\/\/emisora.univalle.edu.co\/index.php\/wp-json\/wp\/v2\/posts\/7793\/revisions\/7794"}],"wp:featuredmedia":[{"embeddable":true,"href":"https:\/\/emisora.univalle.edu.co\/index.php\/wp-json\/wp\/v2\/media\/7784"}],"wp:attachment":[{"href":"https:\/\/emisora.univalle.edu.co\/index.php\/wp-json\/wp\/v2\/media?parent=7793"}],"wp:term":[{"taxonomy":"category","embeddable":true,"href":"https:\/\/emisora.univalle.edu.co\/index.php\/wp-json\/wp\/v2\/categories?post=7793"},{"taxonomy":"post_tag","embeddable":true,"href":"https:\/\/emisora.univalle.edu.co\/index.php\/wp-json\/wp\/v2\/tags?post=7793"}],"curies":[{"name":"wp","href":"https:\/\/api.w.org\/{rel}","templated":true}]}}