{"id":7795,"date":"2015-10-19T16:07:49","date_gmt":"2015-10-19T21:07:49","guid":{"rendered":"https:\/\/emisora.univalle.edu.co\/\/?p=7795"},"modified":"2015-10-19T16:07:49","modified_gmt":"2015-10-19T21:07:49","slug":"obras-del-malecon-bahia-de-la-cruz-en-buenaventura-son-un-hecho","status":"publish","type":"post","link":"https:\/\/emisora.univalle.edu.co\/index.php\/obras-del-malecon-bahia-de-la-cruz-en-buenaventura-son-un-hecho\/","title":{"rendered":"Obras del Malec\u00f3n Bah\u00eda de la Cruz en Buenaventura son un hecho"},"content":{"rendered":"<p><span style=\"line-height: 1.5em;\">Uno de los temas bandera del Gobierno departamental ya es un hecho, tras ser adjudicada la obra con su respectiva interventor\u00eda, la construcci\u00f3n de la primera fase del Malec\u00f3n Bah\u00eda de la Cruz en Buenaventura comenzar\u00eda pr\u00f3ximamente. Gracias a un trabajo entre la Secretar\u00eda de Vivienda del Valle, el Distrito de Buenaventura y Fontur, la cifra que supera los 27.000 millones se encuentra ad portas de su ejecuci\u00f3n.<\/span><\/p>\n<p>El Secretario de Vivienda departamental C\u00e9sar Augusto Mar\u00edn Rangel, manifiesta que \u201cesto obedece a la continuaci\u00f3n del plan de desarrollo que se propuso el gobernador Ubeimar Delgado y el compromiso que adquiri\u00f3 no solo con Buenaventura sino con todo el Valle del Cauca. La obra ya se encuentra adjudicada con su interventor\u00eda y despu\u00e9s de la convocatoria realizada con Findeter, el Consorcio Bah\u00eda de la Cruz Fase 1 ser\u00e1 el encargado de trabajar en la obra. Esta obra tiene una duraci\u00f3n de 15 meses para su finalizaci\u00f3n y esperamos dejarla iniciada en las pr\u00f3ximas semanas para que no solo catapulte el turismo en la zona sino que este a goce y disfrute de toda la comunidad vallecaucana\u201d.<\/p>\n<p>El financiamiento del malec\u00f3n de Buenaventura consta de 15.000 millones que aport\u00f3 el departamento, 7.000 millones el distrito de Buenaventura y 5.000 millones que aport\u00f3 FONTUR (Fondo Nacional de Turismo).<\/p>\n<p>El funcionario a\u00f1adi\u00f3 que el costo de la interventor\u00eda de la obra es de 898 millones de pesos; cabe anotar que todo el proceso del malec\u00f3n se ha desarrollado gracias a un trabajo en conjunto con la Financiera del Desarrollo Territorial \u2013 FINDETER y el Gobierno del Valle del Cauca.<\/p>\n<p>Se espera que en las pr\u00f3ximas semanas la Gobernaci\u00f3n del Valle del Cauca, la secretar\u00eda de vivienda departamental y los dem\u00e1s actores que hicieron posible la construcci\u00f3n de esta primera fase, den apertura oficial a la ejecuci\u00f3n de esta mega obra que ratifica al departamento como una regi\u00f3n pr\u00f3spera y en constante desarrollo.<\/p>\n<p>Fuente: Comunicaciones Gobernaci\u00f3n<\/p>\n","protected":false},"excerpt":{"rendered":"<p>Uno de los temas bandera del Gobierno departamental ya es un hecho, tras ser adjudicada la obra con su respectiva interventor\u00eda, la construcci\u00f3n de la primera fase del Malec\u00f3n Bah\u00eda de la Cruz en Buenaventura comenzar\u00eda pr\u00f3ximamente. Gracias a un trabajo entre la Secretar\u00eda de Vivienda del Valle, el Distrito[&#8230;]<\/p>\n","protected":false},"author":1,"featured_media":7783,"comment_status":"open","ping_status":"open","sticky":false,"template":"","format":"standard","meta":{"footnotes":""},"categories":[4],"tags":[],"_links":{"self":[{"href":"https:\/\/emisora.univalle.edu.co\/index.php\/wp-json\/wp\/v2\/posts\/7795"}],"collection":[{"href":"https:\/\/emisora.univalle.edu.co\/index.php\/wp-json\/wp\/v2\/posts"}],"about":[{"href":"https:\/\/emisora.univalle.edu.co\/index.php\/wp-json\/wp\/v2\/types\/post"}],"author":[{"embeddable":true,"href":"https:\/\/emisora.univalle.edu.co\/index.php\/wp-json\/wp\/v2\/users\/1"}],"replies":[{"embeddable":true,"href":"https:\/\/emisora.univalle.edu.co\/index.php\/wp-json\/wp\/v2\/comments?post=7795"}],"version-history":[{"count":1,"href":"https:\/\/emisora.univalle.edu.co\/index.php\/wp-json\/wp\/v2\/posts\/7795\/revisions"}],"predecessor-version":[{"id":7796,"href":"https:\/\/emisora.univalle.edu.co\/index.php\/wp-json\/wp\/v2\/posts\/7795\/revisions\/7796"}],"wp:featuredmedia":[{"embeddable":true,"href":"https:\/\/emisora.univalle.edu.co\/index.php\/wp-json\/wp\/v2\/media\/7783"}],"wp:attachment":[{"href":"https:\/\/emisora.univalle.edu.co\/index.php\/wp-json\/wp\/v2\/media?parent=7795"}],"wp:term":[{"taxonomy":"category","embeddable":true,"href":"https:\/\/emisora.univalle.edu.co\/index.php\/wp-json\/wp\/v2\/categories?post=7795"},{"taxonomy":"post_tag","embeddable":true,"href":"https:\/\/emisora.univalle.edu.co\/index.php\/wp-json\/wp\/v2\/tags?post=7795"}],"curies":[{"name":"wp","href":"https:\/\/api.w.org\/{rel}","templated":true}]}}