{"id":7799,"date":"2015-10-19T16:10:40","date_gmt":"2015-10-19T21:10:40","guid":{"rendered":"https:\/\/emisora.univalle.edu.co\/\/?p=7799"},"modified":"2015-10-19T16:10:40","modified_gmt":"2015-10-19T21:10:40","slug":"cali-vibrara-con-el-cine-mundial-desde-fin-de-este-mes","status":"publish","type":"post","link":"https:\/\/emisora.univalle.edu.co\/index.php\/cali-vibrara-con-el-cine-mundial-desde-fin-de-este-mes\/","title":{"rendered":"Cali vibrar\u00e1 con el cine mundial desde fin de este mes"},"content":{"rendered":"<p><span style=\"line-height: 1.5em;\">La m\u00fasica es mucho m\u00e1s antigua que el cine; desde que se conocieron hace ya m\u00e1s de 100 a\u00f1os han vivido una especie de romance\u00a0 perpetuo que atraves\u00f3 el siglo XX de principio a fin y contin\u00faa vigente hasta hoy.<\/span><\/p>\n<p>As\u00ed qued\u00f3 demostrado el 1 de agosto pasado con el lanzamiento del 7\u00ba. Festival Internacional de Cine que se cumpli\u00f3 en la Avenida Colombia con la proyecci\u00f3n del documental \u2018We Like It Like That\u2019, de Mathiew Ram\u00edrez Warren, y con el conversatorio de\u00a0 Joe Batan, una de las leyendas del movimiento del bogaloo.<\/p>\n<p>Para el catedr\u00e1tico e investigador Alejandro Ulloa, quien moder\u00f3 el conversatorio de Batan,\u00a0 esta fusi\u00f3n entre el cine y la m\u00fasica se vive desde que comenz\u00f3 la experimentaci\u00f3n con el montaje para darle ritmo a la narraci\u00f3n, hasta los largometrajes del cine mudo en los que un pianista o un conjunto musical en vivo, acompa\u00f1aba\u00a0 la exhibici\u00f3n en el teatro.<\/p>\n<p>Como igual suced\u00eda en Cali hacia los a\u00f1os 20 para ambientar el momento y sugerir posibles interpretaciones de la historia,\u00a0 o matizando el significado de la puesta en escena. En todos los casos, siempre el cine y la m\u00fasica han ido de la mano.<\/p>\n<p>Cuando se invent\u00f3 el cine sonoro, la relaci\u00f3n fue mucho m\u00e1s intensa,\u00a0 m\u00e1s amorosa a\u00fan.<\/p>\n<p>Por un lado, el s\u00e9ptimo arte desarroll\u00f3 su lenguaje cada vez m\u00e1s sofisticado gracias a la infraestructura tecnol\u00f3gica\u00a0 y a su promiscua relaci\u00f3n con las dem\u00e1s artes y las ciencias.<\/p>\n<p>Por otro, la m\u00fasica gan\u00f3 en\u00a0 protagonismo, ya no solo como banda sonora subordinada a un guion y a una est\u00e9tica, sino convirti\u00e9ndose en otro\u00a0 heroico objeto de\u00a0 representaci\u00f3n.<\/p>\n<p>Es el triunfo de las grandes producciones musicales de Hollywood, entre los a\u00f1os 30 y los 60, en las que adem\u00e1s de las orquestas\u00a0 y los int\u00e9rpretes del swing, el jazz, el rag time, el fox trot y el rock and roll,\u00a0 el baile y los bailarines, brillan con luz propia.<\/p>\n<p>La \u00faltima semana de octubre de 2015 se presenta el Festival con cerca de invitados aproximadamente, quienes har\u00e1n parte de un gran componente acad\u00e9mico, con m\u00e1s de un centenar de pel\u00edculas y alrededor de 30 lugares de exhibici\u00f3n entre salas de cine, centros culturales, comunas y corregimientos.<\/p>\n<p>Mayores informes: Coordinaci\u00f3n 7 Festival Internacional de Cine de Cali \u2013 896 1993<\/p>\n<p>Fuente: Comunicaciones Alcald\u00eda<\/p>\n","protected":false},"excerpt":{"rendered":"<p>La m\u00fasica es mucho m\u00e1s antigua que el cine; desde que se conocieron hace ya m\u00e1s de 100 a\u00f1os han vivido una especie de romance\u00a0 perpetuo que atraves\u00f3 el siglo XX de principio a fin y contin\u00faa vigente hasta hoy. As\u00ed qued\u00f3 demostrado el 1 de agosto pasado con el[&#8230;]<\/p>\n","protected":false},"author":1,"featured_media":7778,"comment_status":"open","ping_status":"open","sticky":false,"template":"","format":"standard","meta":{"footnotes":""},"categories":[4],"tags":[],"_links":{"self":[{"href":"https:\/\/emisora.univalle.edu.co\/index.php\/wp-json\/wp\/v2\/posts\/7799"}],"collection":[{"href":"https:\/\/emisora.univalle.edu.co\/index.php\/wp-json\/wp\/v2\/posts"}],"about":[{"href":"https:\/\/emisora.univalle.edu.co\/index.php\/wp-json\/wp\/v2\/types\/post"}],"author":[{"embeddable":true,"href":"https:\/\/emisora.univalle.edu.co\/index.php\/wp-json\/wp\/v2\/users\/1"}],"replies":[{"embeddable":true,"href":"https:\/\/emisora.univalle.edu.co\/index.php\/wp-json\/wp\/v2\/comments?post=7799"}],"version-history":[{"count":1,"href":"https:\/\/emisora.univalle.edu.co\/index.php\/wp-json\/wp\/v2\/posts\/7799\/revisions"}],"predecessor-version":[{"id":7800,"href":"https:\/\/emisora.univalle.edu.co\/index.php\/wp-json\/wp\/v2\/posts\/7799\/revisions\/7800"}],"wp:featuredmedia":[{"embeddable":true,"href":"https:\/\/emisora.univalle.edu.co\/index.php\/wp-json\/wp\/v2\/media\/7778"}],"wp:attachment":[{"href":"https:\/\/emisora.univalle.edu.co\/index.php\/wp-json\/wp\/v2\/media?parent=7799"}],"wp:term":[{"taxonomy":"category","embeddable":true,"href":"https:\/\/emisora.univalle.edu.co\/index.php\/wp-json\/wp\/v2\/categories?post=7799"},{"taxonomy":"post_tag","embeddable":true,"href":"https:\/\/emisora.univalle.edu.co\/index.php\/wp-json\/wp\/v2\/tags?post=7799"}],"curies":[{"name":"wp","href":"https:\/\/api.w.org\/{rel}","templated":true}]}}