{"id":7803,"date":"2015-10-19T16:13:13","date_gmt":"2015-10-19T21:13:13","guid":{"rendered":"https:\/\/emisora.univalle.edu.co\/\/?p=7803"},"modified":"2015-10-19T16:13:13","modified_gmt":"2015-10-19T21:13:13","slug":"juntas-de-accion-comunal-deberan-renovar-estatutos","status":"publish","type":"post","link":"https:\/\/emisora.univalle.edu.co\/index.php\/juntas-de-accion-comunal-deberan-renovar-estatutos\/","title":{"rendered":"Juntas de Acci\u00f3n Comunal deber\u00e1n renovar estatutos"},"content":{"rendered":"<p><span style=\"line-height: 1.5em;\">La Secretar\u00eda de Desarrollo Territorial y Bienestar Social, en su funci\u00f3n de inspecci\u00f3n, control y vigilancia a las Juntas de Acci\u00f3n Comunal del \u00e1rea urbana y rural del municipio, convoca a las JAC que a\u00fan no han renovado estatutos.<\/span><\/p>\n<p>&nbsp;<\/p>\n<p>Comunas sin renovar<\/p>\n<p>2: Santa Rita, Santa Teresita y Arboleda.<\/p>\n<p>6: Urbanizaci\u00f3n Lares de Comfenalco<\/p>\n<p>8: Las Am\u00e9ricas<\/p>\n<p>10: Urbanizaci\u00f3n Malangay II<\/p>\n<p>14: Pilar I Etapa<\/p>\n<p>17: Conjunto Residencial Multicentro.<\/p>\n<p>Igualmente, se hace un llamado a las JAC que no realizaron elecci\u00f3n de dignatarios para el periodo 2012 \u2013 2016, con el fin de que den cumplimiento a este proceso y as\u00ed evitar sanciones mediante la suspensi\u00f3n de registro.<\/p>\n<p>JAC que no eligieron dignatario<\/p>\n<p>Comuna 6: Metropolitano del Norte<\/p>\n<p>Comuna 5: El Sam\u00e1n<\/p>\n<p>Comuna 8: Unidad Residencial Marco Fidel Su\u00e1rez<\/p>\n<p>Comuna 10: Los Laureles<\/p>\n<p>Comuna 13: Rodrigo Lara Bonilla<\/p>\n<p>Comuna 14: San Marco de Confandi<\/p>\n<p>Comuna 15: Sector El Tri\u00e1ngulo y Urbanizaci\u00f3n Morichal Etapa III,<\/p>\n<p>Zona rural<\/p>\n<p>Sector La Ermita \u2013corregimiento Golondrinas-<\/p>\n<p>Vereda Las Caba\u00f1as \u2013corregimiento Felidia.<\/p>\n<p>La dependencia ha definido un plazo de 90 d\u00edas calendario, para que dichas juntas elijan dignatarios y renuevan estatutos.<\/p>\n<p>M\u00e1s informaci\u00f3n: En la Oficina de Participaci\u00f3n Ciudadana y Gesti\u00f3n Comunitaria, en horario de oficina de lunes a viernes.<\/p>\n<p>Piso 5 del CAM, tel\u00e9fono 889 63 32 extensi\u00f3n 130 y 131.<\/p>\n<p>Fuente: Comunicaciones Alcald\u00eda<\/p>\n","protected":false},"excerpt":{"rendered":"<p>La Secretar\u00eda de Desarrollo Territorial y Bienestar Social, en su funci\u00f3n de inspecci\u00f3n, control y vigilancia a las Juntas de Acci\u00f3n Comunal del \u00e1rea urbana y rural del municipio, convoca a las JAC que a\u00fan no han renovado estatutos. &nbsp; Comunas sin renovar 2: Santa Rita, Santa Teresita y Arboleda.[&#8230;]<\/p>\n","protected":false},"author":1,"featured_media":7782,"comment_status":"open","ping_status":"open","sticky":false,"template":"","format":"standard","meta":{"footnotes":""},"categories":[4],"tags":[],"_links":{"self":[{"href":"https:\/\/emisora.univalle.edu.co\/index.php\/wp-json\/wp\/v2\/posts\/7803"}],"collection":[{"href":"https:\/\/emisora.univalle.edu.co\/index.php\/wp-json\/wp\/v2\/posts"}],"about":[{"href":"https:\/\/emisora.univalle.edu.co\/index.php\/wp-json\/wp\/v2\/types\/post"}],"author":[{"embeddable":true,"href":"https:\/\/emisora.univalle.edu.co\/index.php\/wp-json\/wp\/v2\/users\/1"}],"replies":[{"embeddable":true,"href":"https:\/\/emisora.univalle.edu.co\/index.php\/wp-json\/wp\/v2\/comments?post=7803"}],"version-history":[{"count":1,"href":"https:\/\/emisora.univalle.edu.co\/index.php\/wp-json\/wp\/v2\/posts\/7803\/revisions"}],"predecessor-version":[{"id":7804,"href":"https:\/\/emisora.univalle.edu.co\/index.php\/wp-json\/wp\/v2\/posts\/7803\/revisions\/7804"}],"wp:featuredmedia":[{"embeddable":true,"href":"https:\/\/emisora.univalle.edu.co\/index.php\/wp-json\/wp\/v2\/media\/7782"}],"wp:attachment":[{"href":"https:\/\/emisora.univalle.edu.co\/index.php\/wp-json\/wp\/v2\/media?parent=7803"}],"wp:term":[{"taxonomy":"category","embeddable":true,"href":"https:\/\/emisora.univalle.edu.co\/index.php\/wp-json\/wp\/v2\/categories?post=7803"},{"taxonomy":"post_tag","embeddable":true,"href":"https:\/\/emisora.univalle.edu.co\/index.php\/wp-json\/wp\/v2\/tags?post=7803"}],"curies":[{"name":"wp","href":"https:\/\/api.w.org\/{rel}","templated":true}]}}