{"id":7805,"date":"2015-10-19T16:14:55","date_gmt":"2015-10-19T21:14:55","guid":{"rendered":"https:\/\/emisora.univalle.edu.co\/\/?p=7805"},"modified":"2015-10-19T16:47:05","modified_gmt":"2015-10-19T21:47:05","slug":"gestion-del-riesgo-presentara-en-reunion-el-plan-de-contingencia-electoral-2015","status":"publish","type":"post","link":"https:\/\/emisora.univalle.edu.co\/index.php\/gestion-del-riesgo-presentara-en-reunion-el-plan-de-contingencia-electoral-2015\/","title":{"rendered":"Gesti\u00f3n del Riesgo presentar\u00e1 en reuni\u00f3n el Plan de Contingencia Electoral 2015"},"content":{"rendered":"<p><span style=\"line-height: 1.5em;\">La Secretar\u00eda de Gobierno Departamental, en cabeza de Orlando Riascos Ocampo, hace invitaci\u00f3n a la Oficina de Gesti\u00f3n del Riesgo para que exponga en una reuni\u00f3n el Plan Operativo de Gesti\u00f3n del Riesgo para la Contingencia Electoral, de conformidad con la propuesta de los Voceros de los partidos y movimientos pol\u00edticos del d\u00eda 2 de Octubre.<\/span><\/p>\n<p>La reuni\u00f3n se emprender\u00e1 el mi\u00e9rcoles 21 de octubre del presente a\u00f1o, en el Sal\u00f3n de Gobernadores del Palacio de San Francisco.<\/p>\n<p>Referente a esta reuni\u00f3n la Oficina de Gesti\u00f3n del riesgo, junto con el CRUE Secretaria Departamental de Salud del Valle, articular\u00e1n el Centro Regulador de Urgencias y de Emergencias del Valle del Cauca con todas las redes hospitalarias, los organismos del Socorro y la Fuerza P\u00fablica para realizar los controles respectivos para el d\u00eda 25 de Octubre, fecha Electoral.<\/p>\n<p>\u201cEl Plan de Contingencia tiene un directorio para que el ciudadano del Municipio que\u00a0 solicite atenci\u00f3n, pueda contactar o tener un referente directo con las Salas de Crisis que se establecer\u00e1n para monitorear al Departamento del Valle del Cauca\u201d Asevera Mauricio Castro, Coordinador Operativo de Gesti\u00f3n del Riesgo del Departamento.<\/p>\n<p>El prop\u00f3sito es prever cualquier episodio que pueda suceder en las Elecciones, de acuerdo a las recomendaciones e inquietudes que han hecho los diversos representantes de los partidos pol\u00edticos. El plan de Contingencia es creado como una luz para restablecer o salvaguardar cualquier incidente que pueda poner en riesgo la seguridad de los candidatos, la del pueblo o directamente la seguridad del\u00a0 resultado de\u00a0 las Elecciones.<\/p>\n<p>Fuente: Comunicaciones Gobernaci\u00f3n<\/p>\n","protected":false},"excerpt":{"rendered":"<p>La Secretar\u00eda de Gobierno Departamental, en cabeza de Orlando Riascos Ocampo, hace invitaci\u00f3n a la Oficina de Gesti\u00f3n del Riesgo para que exponga en una reuni\u00f3n el Plan Operativo de Gesti\u00f3n del Riesgo para la Contingencia Electoral, de conformidad con la propuesta de los Voceros de los partidos y movimientos[&#8230;]<\/p>\n","protected":false},"author":1,"featured_media":7781,"comment_status":"open","ping_status":"open","sticky":false,"template":"","format":"standard","meta":{"footnotes":""},"categories":[4],"tags":[],"_links":{"self":[{"href":"https:\/\/emisora.univalle.edu.co\/index.php\/wp-json\/wp\/v2\/posts\/7805"}],"collection":[{"href":"https:\/\/emisora.univalle.edu.co\/index.php\/wp-json\/wp\/v2\/posts"}],"about":[{"href":"https:\/\/emisora.univalle.edu.co\/index.php\/wp-json\/wp\/v2\/types\/post"}],"author":[{"embeddable":true,"href":"https:\/\/emisora.univalle.edu.co\/index.php\/wp-json\/wp\/v2\/users\/1"}],"replies":[{"embeddable":true,"href":"https:\/\/emisora.univalle.edu.co\/index.php\/wp-json\/wp\/v2\/comments?post=7805"}],"version-history":[{"count":1,"href":"https:\/\/emisora.univalle.edu.co\/index.php\/wp-json\/wp\/v2\/posts\/7805\/revisions"}],"predecessor-version":[{"id":7806,"href":"https:\/\/emisora.univalle.edu.co\/index.php\/wp-json\/wp\/v2\/posts\/7805\/revisions\/7806"}],"wp:featuredmedia":[{"embeddable":true,"href":"https:\/\/emisora.univalle.edu.co\/index.php\/wp-json\/wp\/v2\/media\/7781"}],"wp:attachment":[{"href":"https:\/\/emisora.univalle.edu.co\/index.php\/wp-json\/wp\/v2\/media?parent=7805"}],"wp:term":[{"taxonomy":"category","embeddable":true,"href":"https:\/\/emisora.univalle.edu.co\/index.php\/wp-json\/wp\/v2\/categories?post=7805"},{"taxonomy":"post_tag","embeddable":true,"href":"https:\/\/emisora.univalle.edu.co\/index.php\/wp-json\/wp\/v2\/tags?post=7805"}],"curies":[{"name":"wp","href":"https:\/\/api.w.org\/{rel}","templated":true}]}}