{"id":7809,"date":"2015-10-19T16:17:23","date_gmt":"2015-10-19T21:17:23","guid":{"rendered":"https:\/\/emisora.univalle.edu.co\/\/?p=7809"},"modified":"2015-10-19T16:17:23","modified_gmt":"2015-10-19T21:17:23","slug":"reconocimiento-del-consejo-latinoamericano-de-escuelas-de-administracion","status":"publish","type":"post","link":"https:\/\/emisora.univalle.edu.co\/index.php\/reconocimiento-del-consejo-latinoamericano-de-escuelas-de-administracion\/","title":{"rendered":"Reconocimiento del Consejo Latinoamericano de Escuelas de Administraci\u00f3n"},"content":{"rendered":"<p><span style=\"line-height: 1.5em;\">El Consejo Latinoamericano de Escuelas de Administraci\u00f3n-CLADEA hizo un reconocimiento especial a la Universidad del Valle por ser miembro fundador de este Consejo, una de las redes m\u00e1s importantes de Escuelas de Negocios a nivel mundial.<\/span><\/p>\n<p>El reconocimiento fue estregado durante la Asamblea n\u00famero 50 de CLADEA, celebrada en Vi\u00f1a del\u00a0 Mar, Chile, en septiembre de 2015.<\/p>\n<p>El profesor Rub\u00e9n Dar\u00edo Echeverry, representante de la Facultad de Ciencias de la Administraci\u00f3n en esta asamblea, fue reconocido en calidad de expresidente de la asociaci\u00f3n.<\/p>\n<p>El profesor Echeverry present\u00f3\u00a0 una ponencia sobre el proceso de internacionalizaci\u00f3n de Am\u00e9rica Latina y los retos y desaf\u00edos de las escuelas de administraci\u00f3n frente este creciente proceso, la cual tuvo una muy buena aceptaci\u00f3n y comentarios por parte de asistentes y jurados.<\/p>\n<p>En la Asamblea se lanz\u00f3 tambi\u00e9n el libro de los 50 a\u00f1os de CLADEA, donde se rese\u00f1a la importante participaci\u00f3n de la Universidad del Valle, espec\u00edficamente de la Facultad de Ciencias de la Administraci\u00f3n, a trav\u00e9s de sus docentes y representantes, en la historia\u00a0 de esta organizaci\u00f3n internacional que hoy cumple medio siglo. Actualmente, CLADEA cuenta con 220 instituciones afiliadas, tanto privadas como p\u00fablicas, pertenecientes a Latinoam\u00e9rica, Norteam\u00e9rica, Europa y Ocean\u00eda.<\/p>\n<p>Foto: De izquierda a derecha, el decano de la Facultad de Ciencias de la Administraci\u00f3n Carlos Eduardo Cobo Oliveros y el profesor Rub\u00e9n Dar\u00edo Echeverry hace entrega del reconocimiento a la Facultad por parte de la CLADEA.<\/p>\n<p>Fuente: Agencia de Noticias Univalle<\/p>\n<p>&nbsp;<\/p>\n","protected":false},"excerpt":{"rendered":"<p>El Consejo Latinoamericano de Escuelas de Administraci\u00f3n-CLADEA hizo un reconocimiento especial a la Universidad del Valle por ser miembro fundador de este Consejo, una de las redes m\u00e1s importantes de Escuelas de Negocios a nivel mundial. El reconocimiento fue estregado durante la Asamblea n\u00famero 50 de CLADEA, celebrada en Vi\u00f1a[&#8230;]<\/p>\n","protected":false},"author":1,"featured_media":7785,"comment_status":"open","ping_status":"open","sticky":false,"template":"","format":"standard","meta":{"footnotes":""},"categories":[4],"tags":[],"_links":{"self":[{"href":"https:\/\/emisora.univalle.edu.co\/index.php\/wp-json\/wp\/v2\/posts\/7809"}],"collection":[{"href":"https:\/\/emisora.univalle.edu.co\/index.php\/wp-json\/wp\/v2\/posts"}],"about":[{"href":"https:\/\/emisora.univalle.edu.co\/index.php\/wp-json\/wp\/v2\/types\/post"}],"author":[{"embeddable":true,"href":"https:\/\/emisora.univalle.edu.co\/index.php\/wp-json\/wp\/v2\/users\/1"}],"replies":[{"embeddable":true,"href":"https:\/\/emisora.univalle.edu.co\/index.php\/wp-json\/wp\/v2\/comments?post=7809"}],"version-history":[{"count":1,"href":"https:\/\/emisora.univalle.edu.co\/index.php\/wp-json\/wp\/v2\/posts\/7809\/revisions"}],"predecessor-version":[{"id":7810,"href":"https:\/\/emisora.univalle.edu.co\/index.php\/wp-json\/wp\/v2\/posts\/7809\/revisions\/7810"}],"wp:featuredmedia":[{"embeddable":true,"href":"https:\/\/emisora.univalle.edu.co\/index.php\/wp-json\/wp\/v2\/media\/7785"}],"wp:attachment":[{"href":"https:\/\/emisora.univalle.edu.co\/index.php\/wp-json\/wp\/v2\/media?parent=7809"}],"wp:term":[{"taxonomy":"category","embeddable":true,"href":"https:\/\/emisora.univalle.edu.co\/index.php\/wp-json\/wp\/v2\/categories?post=7809"},{"taxonomy":"post_tag","embeddable":true,"href":"https:\/\/emisora.univalle.edu.co\/index.php\/wp-json\/wp\/v2\/tags?post=7809"}],"curies":[{"name":"wp","href":"https:\/\/api.w.org\/{rel}","templated":true}]}}