{"id":7841,"date":"2015-10-20T16:40:28","date_gmt":"2015-10-20T21:40:28","guid":{"rendered":"https:\/\/emisora.univalle.edu.co\/\/?p=7841"},"modified":"2015-10-20T16:40:28","modified_gmt":"2015-10-20T21:40:28","slug":"abierta-la-convocatoria-para-eleccion-del-consejo-departamental-de-cinematografia","status":"publish","type":"post","link":"https:\/\/emisora.univalle.edu.co\/index.php\/abierta-la-convocatoria-para-eleccion-del-consejo-departamental-de-cinematografia\/","title":{"rendered":"Abierta la convocatoria para elecci\u00f3n del Consejo Departamental de Cinematograf\u00eda"},"content":{"rendered":"<p><span style=\"line-height: 1.5em;\">La gobernaci\u00f3n del Valle del Cauca a trav\u00e9s de la\u00a0 Secretaria de Cultura invita a participar de la convocatoria para la elecci\u00f3n del Consejo Departamental de Cinematograf\u00eda que se realizar\u00e1 el pr\u00f3ximo 4 de noviembre.<\/span><\/p>\n<p>La Secretaria de Cultura del Departamento Ana Mar\u00eda Jaramillo Torres dijo que est\u00e9 es una instancia de concertaci\u00f3n entre el estado y la sociedad civil encargada de asesorar a las Secretar\u00edas de Cultura de los diversos departamentos, los institutos de cultura y al Consejo de Planeaci\u00f3n sobre las pol\u00edticas en materia audiovisual y cinematogr\u00e1fica.<\/p>\n<p>\u201cLa invitaci\u00f3n es a todos las entidades, organizaciones, y personas activas en la producci\u00f3n audiovisual y cinematogr\u00e1fica a participar, postulando a sus representantes como posibles candidatos a est\u00e9 importante consejo que en el Valle viene impulsando procesos de articulaci\u00f3n a nivel departamental y nacional\u201d, asever\u00f3 la funcionaria.<\/p>\n<p>El Consejo departamental de cultura est\u00e1 conformado por un integrante en representaci\u00f3n de las universidades e instituciones entre otros, un representante de los productores, un representantes de los realizadores y un representante de los camar\u00f3grafos, luminot\u00e9cnicos y sonidistas entre otros.<\/p>\n<p>Fuente: Comunicaciones Gobernaci\u00f3n<\/p>\n","protected":false},"excerpt":{"rendered":"<p>La gobernaci\u00f3n del Valle del Cauca a trav\u00e9s de la\u00a0 Secretaria de Cultura invita a participar de la convocatoria para la elecci\u00f3n del Consejo Departamental de Cinematograf\u00eda que se realizar\u00e1 el pr\u00f3ximo 4 de noviembre. La Secretaria de Cultura del Departamento Ana Mar\u00eda Jaramillo Torres dijo que est\u00e9 es una[&#8230;]<\/p>\n","protected":false},"author":1,"featured_media":7821,"comment_status":"open","ping_status":"open","sticky":false,"template":"","format":"standard","meta":{"footnotes":""},"categories":[4],"tags":[],"_links":{"self":[{"href":"https:\/\/emisora.univalle.edu.co\/index.php\/wp-json\/wp\/v2\/posts\/7841"}],"collection":[{"href":"https:\/\/emisora.univalle.edu.co\/index.php\/wp-json\/wp\/v2\/posts"}],"about":[{"href":"https:\/\/emisora.univalle.edu.co\/index.php\/wp-json\/wp\/v2\/types\/post"}],"author":[{"embeddable":true,"href":"https:\/\/emisora.univalle.edu.co\/index.php\/wp-json\/wp\/v2\/users\/1"}],"replies":[{"embeddable":true,"href":"https:\/\/emisora.univalle.edu.co\/index.php\/wp-json\/wp\/v2\/comments?post=7841"}],"version-history":[{"count":1,"href":"https:\/\/emisora.univalle.edu.co\/index.php\/wp-json\/wp\/v2\/posts\/7841\/revisions"}],"predecessor-version":[{"id":7842,"href":"https:\/\/emisora.univalle.edu.co\/index.php\/wp-json\/wp\/v2\/posts\/7841\/revisions\/7842"}],"wp:featuredmedia":[{"embeddable":true,"href":"https:\/\/emisora.univalle.edu.co\/index.php\/wp-json\/wp\/v2\/media\/7821"}],"wp:attachment":[{"href":"https:\/\/emisora.univalle.edu.co\/index.php\/wp-json\/wp\/v2\/media?parent=7841"}],"wp:term":[{"taxonomy":"category","embeddable":true,"href":"https:\/\/emisora.univalle.edu.co\/index.php\/wp-json\/wp\/v2\/categories?post=7841"},{"taxonomy":"post_tag","embeddable":true,"href":"https:\/\/emisora.univalle.edu.co\/index.php\/wp-json\/wp\/v2\/tags?post=7841"}],"curies":[{"name":"wp","href":"https:\/\/api.w.org\/{rel}","templated":true}]}}