{"id":7843,"date":"2015-10-20T16:41:20","date_gmt":"2015-10-20T21:41:20","guid":{"rendered":"https:\/\/emisora.univalle.edu.co\/\/?p=7843"},"modified":"2015-10-20T16:41:20","modified_gmt":"2015-10-20T21:41:20","slug":"llega-cali-el-fuego-deportivo-de-los-juegos-nacionales-2015","status":"publish","type":"post","link":"https:\/\/emisora.univalle.edu.co\/index.php\/llega-cali-el-fuego-deportivo-de-los-juegos-nacionales-2015\/","title":{"rendered":"Llega a Cali el Fuego Deportivo de los Juegos Nacionales 2015"},"content":{"rendered":"<p><span style=\"line-height: 1.5em;\">En un recorrido que parte desde el puente del comercio, \u2018El Fuego Deportivo de los Juegos Nacionales\u2019 ingresar\u00e1 a Cali este mi\u00e9rcoles 21 de octubre, a partir de las 9:00 a.m.<\/span><\/p>\n<p>Gracias a su infraestructura deportiva, Cali fue elegida como sede alterna de los \u2018XX Juegos Nacionales y IV Paranacionales\u2019, que realizan Tolima y Choc\u00f3.<\/p>\n<p>El atletismo, ciclismo de pista, s\u00f3fbol, nataci\u00f3n clavados, tiro deportivo y actividades subacu\u00e1ticas ser\u00e1n las disciplinas de las cuales la Sultana del Valle ser\u00e1 anfritriona.<\/p>\n<p>El Fuego Deportivo se encendi\u00f3 el pasado 7 de octubre en la Sierra Nevada de Santa Marta e inici\u00f3 un recorrido de 32 d\u00edas y 5.755 kil\u00f3metros por el territorio nacional.<\/p>\n<p>Luego de visitar 13 ciudades y proveniente de Armenia, el \u2018Fuego Deportivo de XX Juegos Nacionales y IV Paranacionales\u2019 ser\u00e1 recibido por la medallista ol\u00edmpica Jackeline Renter\u00eda.<\/p>\n<p>De ah\u00ed iniciar\u00e1 un trayecto por la autopista Suroriental, el puente de los Mil D\u00edas, continuar\u00e1 por la autopista hasta llegar a la sede de la Secretaria del Deporte y la Recreaci\u00f3n.<\/p>\n<p>El recorrido ser\u00e1 acompa\u00f1ado por los ni\u00f1os de los Centros de Iniciaci\u00f3n y Formaci\u00f3n Deportiva, l\u00edderes deportivos y comunidad en general.<\/p>\n<p>Posteriormente, llegar\u00e1 al Parque Panamericano donde se iniciar\u00e1 el relevo con destacados atletas de la regi\u00f3n como Jaime Aparicio, Pedro Grajales, \u00d3scar Figueroa, \u00d3scar Tunjo. Por parte de los deportistas en situaci\u00f3n en discapacidad estar\u00e1n Fernando Aguirre y Gladys G\u00f3mez.<\/p>\n<p>El recorrido del \u2018Fuego Deportivo\u2019 finalizar\u00e1 en la Plazoleta Jairo Varela, donde Jaqueline Renter\u00eda har\u00e1 entrega al alcalde de Cali, Rodrigo Guerrero Velasco, dando inici\u00f3 a la cuenta regresiva de los Juegos Nacionales y Paranacionales 2015, que se realizaran del 7 al 22 de noviembre.<\/p>\n<p>Fuente: Comunicaciones Alcald\u00eda<\/p>\n","protected":false},"excerpt":{"rendered":"<p>En un recorrido que parte desde el puente del comercio, \u2018El Fuego Deportivo de los Juegos Nacionales\u2019 ingresar\u00e1 a Cali este mi\u00e9rcoles 21 de octubre, a partir de las 9:00 a.m. Gracias a su infraestructura deportiva, Cali fue elegida como sede alterna de los \u2018XX Juegos Nacionales y IV Paranacionales\u2019,[&#8230;]<\/p>\n","protected":false},"author":1,"featured_media":7830,"comment_status":"open","ping_status":"open","sticky":false,"template":"","format":"standard","meta":{"footnotes":""},"categories":[4],"tags":[],"_links":{"self":[{"href":"https:\/\/emisora.univalle.edu.co\/index.php\/wp-json\/wp\/v2\/posts\/7843"}],"collection":[{"href":"https:\/\/emisora.univalle.edu.co\/index.php\/wp-json\/wp\/v2\/posts"}],"about":[{"href":"https:\/\/emisora.univalle.edu.co\/index.php\/wp-json\/wp\/v2\/types\/post"}],"author":[{"embeddable":true,"href":"https:\/\/emisora.univalle.edu.co\/index.php\/wp-json\/wp\/v2\/users\/1"}],"replies":[{"embeddable":true,"href":"https:\/\/emisora.univalle.edu.co\/index.php\/wp-json\/wp\/v2\/comments?post=7843"}],"version-history":[{"count":1,"href":"https:\/\/emisora.univalle.edu.co\/index.php\/wp-json\/wp\/v2\/posts\/7843\/revisions"}],"predecessor-version":[{"id":7844,"href":"https:\/\/emisora.univalle.edu.co\/index.php\/wp-json\/wp\/v2\/posts\/7843\/revisions\/7844"}],"wp:featuredmedia":[{"embeddable":true,"href":"https:\/\/emisora.univalle.edu.co\/index.php\/wp-json\/wp\/v2\/media\/7830"}],"wp:attachment":[{"href":"https:\/\/emisora.univalle.edu.co\/index.php\/wp-json\/wp\/v2\/media?parent=7843"}],"wp:term":[{"taxonomy":"category","embeddable":true,"href":"https:\/\/emisora.univalle.edu.co\/index.php\/wp-json\/wp\/v2\/categories?post=7843"},{"taxonomy":"post_tag","embeddable":true,"href":"https:\/\/emisora.univalle.edu.co\/index.php\/wp-json\/wp\/v2\/tags?post=7843"}],"curies":[{"name":"wp","href":"https:\/\/api.w.org\/{rel}","templated":true}]}}