{"id":8086,"date":"2015-11-05T14:59:49","date_gmt":"2015-11-05T19:59:49","guid":{"rendered":"https:\/\/emisora.univalle.edu.co\/\/?p=8086"},"modified":"2015-11-05T14:59:49","modified_gmt":"2015-11-05T19:59:49","slug":"hasta-el-6-de-noviembre-2do-congreso-internacional-de-musicas-de-marimba-y-cantos-tradicionales-del-pacifico-colombiano","status":"publish","type":"post","link":"https:\/\/emisora.univalle.edu.co\/index.php\/hasta-el-6-de-noviembre-2do-congreso-internacional-de-musicas-de-marimba-y-cantos-tradicionales-del-pacifico-colombiano\/","title":{"rendered":"Hasta el 6 de noviembre 2do Congreso Internacional de m\u00fasicas de marimba y cantos tradicionales del pac\u00edfico colombiano"},"content":{"rendered":"<p><span style=\"line-height: 1.5em;\">Hasta el 6 de noviembre la Secretar\u00eda de Cultura Departamental realizar\u00e1 en el Puerto de Buenaventura el 2do Congreso Internacional de M\u00fasicas de Marimba y Cantos del Pac\u00edfico Sur Colombiano.<\/span><\/p>\n<p>La Secretaria de Cultura del Valle del Cauca Ana Mar\u00eda Jaramillo Torres dijo que el evento adem\u00e1s de art\u00edstico ser\u00e1 acad\u00e9mico, por que comprende ponencias, talleres, mesas de trabajo y algunos conciertos, entre los atractivos del certamen.<\/p>\n<p>\u201cSon 3 d\u00edas con el cual los bonaerenses, podr\u00e1n deleitarse del folclor del pacifico vallecaucano, que adem\u00e1s ser\u00e1 un lugar de integraci\u00f3n\u00a0 familiar e intercambio cultural\u201d, asever\u00f3 la funcionaria.<\/p>\n<p>La Secretaria Jaramillo Torres agreg\u00f3 que est\u00e9 es un evento internacional, que contar\u00e1 con la participaci\u00f3n de reconocidos artistas como Denisse Barata Brasile\u00f1a, Israel Moreno de M\u00e9xico y Carlos Mi\u00f1ana de nacionalidad espa\u00f1ola.<\/p>\n<p>Fuente: Comunicaciones Gobernaci\u00f3n<\/p>\n","protected":false},"excerpt":{"rendered":"<p>Hasta el 6 de noviembre la Secretar\u00eda de Cultura Departamental realizar\u00e1 en el Puerto de Buenaventura el 2do Congreso Internacional de M\u00fasicas de Marimba y Cantos del Pac\u00edfico Sur Colombiano. La Secretaria de Cultura del Valle del Cauca Ana Mar\u00eda Jaramillo Torres dijo que el evento adem\u00e1s de art\u00edstico ser\u00e1[&#8230;]<\/p>\n","protected":false},"author":1,"featured_media":8071,"comment_status":"open","ping_status":"open","sticky":false,"template":"","format":"standard","meta":{"footnotes":""},"categories":[4],"tags":[],"_links":{"self":[{"href":"https:\/\/emisora.univalle.edu.co\/index.php\/wp-json\/wp\/v2\/posts\/8086"}],"collection":[{"href":"https:\/\/emisora.univalle.edu.co\/index.php\/wp-json\/wp\/v2\/posts"}],"about":[{"href":"https:\/\/emisora.univalle.edu.co\/index.php\/wp-json\/wp\/v2\/types\/post"}],"author":[{"embeddable":true,"href":"https:\/\/emisora.univalle.edu.co\/index.php\/wp-json\/wp\/v2\/users\/1"}],"replies":[{"embeddable":true,"href":"https:\/\/emisora.univalle.edu.co\/index.php\/wp-json\/wp\/v2\/comments?post=8086"}],"version-history":[{"count":1,"href":"https:\/\/emisora.univalle.edu.co\/index.php\/wp-json\/wp\/v2\/posts\/8086\/revisions"}],"predecessor-version":[{"id":8087,"href":"https:\/\/emisora.univalle.edu.co\/index.php\/wp-json\/wp\/v2\/posts\/8086\/revisions\/8087"}],"wp:featuredmedia":[{"embeddable":true,"href":"https:\/\/emisora.univalle.edu.co\/index.php\/wp-json\/wp\/v2\/media\/8071"}],"wp:attachment":[{"href":"https:\/\/emisora.univalle.edu.co\/index.php\/wp-json\/wp\/v2\/media?parent=8086"}],"wp:term":[{"taxonomy":"category","embeddable":true,"href":"https:\/\/emisora.univalle.edu.co\/index.php\/wp-json\/wp\/v2\/categories?post=8086"},{"taxonomy":"post_tag","embeddable":true,"href":"https:\/\/emisora.univalle.edu.co\/index.php\/wp-json\/wp\/v2\/tags?post=8086"}],"curies":[{"name":"wp","href":"https:\/\/api.w.org\/{rel}","templated":true}]}}